{"id":209,"date":"2009-11-12T14:55:22","date_gmt":"2009-11-12T13:55:22","guid":{"rendered":"http:\/\/olivenoelblog.de\/?p=209"},"modified":"2009-11-12T14:55:22","modified_gmt":"2009-11-12T13:55:22","slug":"herkunftskennzeichnung-fur-olivenol","status":"publish","type":"post","link":"http:\/\/olivenoelblog.de\/?p=209","title":{"rendered":"Herkunftskennzeichnung f\u00fcr Oliven\u00f6l"},"content":{"rendered":"<div>\n<p>F\u00fcr natives und natives Oliven\u00f6l extra gilt seit 1. Juli 2009 eine verpflichtende Herkunftskennzeichnung. Die EU-Mitgliedstaaten haben einen entsprechenden Vorschlag der EU-Kommission angenommen. Im Jahr 2002 wurden Vorschriften f\u00fcr die freiwillige Kennzeichnung dieser \u00d6le erlassen. Diese reichten aber nicht aus, um die Irref\u00fchrung der Verbraucher \u00fcber die tats\u00e4chlichen Eigenschaften und den Ursprung bestimmter Produkte zu verhindern. Anbaubedingt und auf Grund lokaler Extraktions- oder Verschnitttechniken je nach geografischem Ursprung k\u00f6nnen Qualit\u00e4t und Geschmack dieser \u00d6le deutliche Unterschiede aufweisen. Deshalb war es notwendig, f\u00fcr natives und natives Oliven\u00f6l extra eine verpflichtende Herkunftskennzeichnung einzuf\u00fchren.<\/p>\n<p>\u00d6le, die nur aus einem Land stammen, erhalten den Namen des Ursprungslandes. Mischungen werden entweder &#8222;Verschnitt von Oliven\u00f6len aus der Gemeinschaft&#8220;, &#8222;Verschnitt von Oliven\u00f6len aus Drittl\u00e4ndern&#8220; oder &#8222;Verschnitt von Oliven\u00f6len aus der Gemeinschaft und aus Drittl\u00e4ndern&#8220; gekennzeichnet. Bestimmte Begriffe wie fruchtig, gr\u00fcn, reif, mild und ausgewogen \u2013 die der Internationale Olivenrat vor Kurzem definiert hat \u2013 d\u00fcrfen bei der Etikettierung von nativem und nativem Oliven\u00f6l extra, das den Definitionen entspricht, verwendet werden.<\/p>\n<p><a href=\"http:\/\/http:\/\/ec.europa.eu\/agriculture\/quality\/index_de.htm\" target=\"_blank\">Hintergrundinformationen zur geographischen Kennzeichnung<\/a><\/div>\n","protected":false},"excerpt":{"rendered":"<p>F\u00fcr natives und natives Oliven\u00f6l extra gilt seit 1. Juli 2009 eine verpflichtende Herkunftskennzeichnung. Die EU-Mitgliedstaaten haben einen entsprechenden Vorschlag der EU-Kommission angenommen. Im Jahr 2002 wurden Vorschriften f\u00fcr die freiwillige Kennzeichnung dieser \u00d6le erlassen. Diese reichten aber nicht aus, um die Irref\u00fchrung der Verbraucher \u00fcber die tats\u00e4chlichen Eigenschaften und den Ursprung bestimmter Produkte zu [&hellip;]<\/p>\n","protected":false},"author":2,"featured_media":0,"comment_status":"open","ping_status":"open","sticky":false,"template":"","format":"standard","meta":{"ngg_post_thumbnail":0,"footnotes":""},"categories":[1],"tags":[],"class_list":["post-209","post","type-post","status-publish","format-standard","hentry","category-allgemeines"],"_links":{"self":[{"href":"http:\/\/olivenoelblog.de\/index.php?rest_route=\/wp\/v2\/posts\/209","targetHints":{"allow":["GET"]}}],"collection":[{"href":"http:\/\/olivenoelblog.de\/index.php?rest_route=\/wp\/v2\/posts"}],"about":[{"href":"http:\/\/olivenoelblog.de\/index.php?rest_route=\/wp\/v2\/types\/post"}],"author":[{"embeddable":true,"href":"http:\/\/olivenoelblog.de\/index.php?rest_route=\/wp\/v2\/users\/2"}],"replies":[{"embeddable":true,"href":"http:\/\/olivenoelblog.de\/index.php?rest_route=%2Fwp%2Fv2%2Fcomments&post=209"}],"version-history":[{"count":2,"href":"http:\/\/olivenoelblog.de\/index.php?rest_route=\/wp\/v2\/posts\/209\/revisions"}],"predecessor-version":[{"id":211,"href":"http:\/\/olivenoelblog.de\/index.php?rest_route=\/wp\/v2\/posts\/209\/revisions\/211"}],"wp:attachment":[{"href":"http:\/\/olivenoelblog.de\/index.php?rest_route=%2Fwp%2Fv2%2Fmedia&parent=209"}],"wp:term":[{"taxonomy":"category","embeddable":true,"href":"http:\/\/olivenoelblog.de\/index.php?rest_route=%2Fwp%2Fv2%2Fcategories&post=209"},{"taxonomy":"post_tag","embeddable":true,"href":"http:\/\/olivenoelblog.de\/index.php?rest_route=%2Fwp%2Fv2%2Ftags&post=209"}],"curies":[{"name":"wp","href":"https:\/\/api.w.org\/{rel}","templated":true}]}}